{"id":181,"date":"2018-03-28T21:28:18","date_gmt":"2018-03-28T21:28:18","guid":{"rendered":"http:\/\/imkerei-hoffmann.de\/?p=181"},"modified":"2018-03-28T21:29:14","modified_gmt":"2018-03-28T21:29:14","slug":"maerz-2018","status":"publish","type":"post","link":"http:\/\/imkerei-hoffmann.de\/?p=181","title":{"rendered":"m\u00e4rz 2018&#8230;"},"content":{"rendered":"<p>&#8230;die ersten sonnentage&#8230;gefolgt von kaltperioden. die ersten bl\u00fcten erfrieren schon wieder. die winterverluste sind dieses jahr deutlich h\u00f6her als letztes jahr. \u00a0die ersten v\u00f6lker sind abger\u00e4umt und warten auf neubesiedlung.<\/p>\n<p>die kalte zeit wird genutzt andere projekte voran zu treiben. so wird eine verwildert streuobstwiese angepachtet &#8230;<\/p>\n<p><img loading=\"lazy\" decoding=\"async\" class=\"alignnone wp-image-165 size-large\" src=\"http:\/\/imkerei-hoffmann.de\/wp-content\/uploads\/2018\/03\/881844CE-4A46-466E-8F32-5DE5D6EAD04E-1024x289.jpeg\" alt=\"\" width=\"525\" height=\"148\" srcset=\"http:\/\/imkerei-hoffmann.de\/wp-content\/uploads\/2018\/03\/881844CE-4A46-466E-8F32-5DE5D6EAD04E-1024x289.jpeg 1024w, http:\/\/imkerei-hoffmann.de\/wp-content\/uploads\/2018\/03\/881844CE-4A46-466E-8F32-5DE5D6EAD04E-300x85.jpeg 300w, http:\/\/imkerei-hoffmann.de\/wp-content\/uploads\/2018\/03\/881844CE-4A46-466E-8F32-5DE5D6EAD04E-768x217.jpeg 768w\" sizes=\"auto, (max-width: 525px) 100vw, 525px\" \/><\/p>\n<p><img loading=\"lazy\" decoding=\"async\" class=\"alignnone wp-image-163 size-large\" src=\"http:\/\/imkerei-hoffmann.de\/wp-content\/uploads\/2018\/03\/8581F6ED-68C3-486F-A1CB-67AB4F6EE09A-1024x366.jpeg\" alt=\"\" width=\"525\" height=\"188\" srcset=\"http:\/\/imkerei-hoffmann.de\/wp-content\/uploads\/2018\/03\/8581F6ED-68C3-486F-A1CB-67AB4F6EE09A-1024x366.jpeg 1024w, http:\/\/imkerei-hoffmann.de\/wp-content\/uploads\/2018\/03\/8581F6ED-68C3-486F-A1CB-67AB4F6EE09A-300x107.jpeg 300w, http:\/\/imkerei-hoffmann.de\/wp-content\/uploads\/2018\/03\/8581F6ED-68C3-486F-A1CB-67AB4F6EE09A-768x274.jpeg 768w\" sizes=\"auto, (max-width: 525px) 100vw, 525px\" \/><\/p>\n<p>&#8230; und in m\u00fchevoller dorniger arbeit werden die verbuschten areale geschnitten und geschreddert &#8230;<\/p>\n<p><img loading=\"lazy\" decoding=\"async\" class=\"alignnone wp-image-173 size-large\" src=\"http:\/\/imkerei-hoffmann.de\/wp-content\/uploads\/2018\/03\/0DD36189-D7BA-4C4B-B5A2-768062EE7CBE-1024x499.jpeg\" alt=\"\" width=\"525\" height=\"256\" srcset=\"http:\/\/imkerei-hoffmann.de\/wp-content\/uploads\/2018\/03\/0DD36189-D7BA-4C4B-B5A2-768062EE7CBE-1024x499.jpeg 1024w, http:\/\/imkerei-hoffmann.de\/wp-content\/uploads\/2018\/03\/0DD36189-D7BA-4C4B-B5A2-768062EE7CBE-300x146.jpeg 300w, http:\/\/imkerei-hoffmann.de\/wp-content\/uploads\/2018\/03\/0DD36189-D7BA-4C4B-B5A2-768062EE7CBE-768x375.jpeg 768w\" sizes=\"auto, (max-width: 525px) 100vw, 525px\" \/><\/p>\n<p>&#8230; und die ersten 18 obstb\u00e4ume neu gepflanzt. es wird eine weitere reihe \u201ewildobst\u201c als abtrennung zum weg und acker gepflanzt werden. auf der wiese werden hochst\u00e4mmige alte obstsorten gepflanzt &#8230;<\/p>\n<p>&nbsp;<\/p>\n<p>&#8230; der sch\u00e4ferwagen hat seinen platz gefunden und die umz\u00e4unung mit anschliessender beweidung mit heidschnucken ist geplant. der wertvolle erhalt der streuobstwiese als \u201emagerwiese\u201c ist damit in angriff genommen &#8230;<\/p>\n<p>&nbsp;<\/p>\n","protected":false},"excerpt":{"rendered":"<p>&#8230;die ersten sonnentage&#8230;gefolgt von kaltperioden. die ersten bl\u00fcten erfrieren schon wieder. die winterverluste sind dieses jahr deutlich h\u00f6her als letztes jahr. \u00a0die ersten v\u00f6lker sind abger\u00e4umt und warten auf neubesiedlung. die kalte zeit wird genutzt andere projekte voran zu treiben. so wird eine verwildert streuobstwiese angepachtet &#8230; &#8230; und in m\u00fchevoller dorniger arbeit werden die &hellip; <\/p>\n<p class=\"link-more\"><a href=\"http:\/\/imkerei-hoffmann.de\/?p=181\" class=\"more-link\"><span class=\"screen-reader-text\">\u201em\u00e4rz 2018&#8230;\u201c <\/span>weiterlesen<\/a><\/p>\n","protected":false},"author":1,"featured_media":0,"comment_status":"open","ping_status":"open","sticky":false,"template":"","format":"standard","meta":{"footnotes":""},"categories":[1],"tags":[],"class_list":["post-181","post","type-post","status-publish","format-standard","hentry","category-uncategorized"],"_links":{"self":[{"href":"http:\/\/imkerei-hoffmann.de\/index.php?rest_route=\/wp\/v2\/posts\/181","targetHints":{"allow":["GET"]}}],"collection":[{"href":"http:\/\/imkerei-hoffmann.de\/index.php?rest_route=\/wp\/v2\/posts"}],"about":[{"href":"http:\/\/imkerei-hoffmann.de\/index.php?rest_route=\/wp\/v2\/types\/post"}],"author":[{"embeddable":true,"href":"http:\/\/imkerei-hoffmann.de\/index.php?rest_route=\/wp\/v2\/users\/1"}],"replies":[{"embeddable":true,"href":"http:\/\/imkerei-hoffmann.de\/index.php?rest_route=%2Fwp%2Fv2%2Fcomments&post=181"}],"version-history":[{"count":2,"href":"http:\/\/imkerei-hoffmann.de\/index.php?rest_route=\/wp\/v2\/posts\/181\/revisions"}],"predecessor-version":[{"id":183,"href":"http:\/\/imkerei-hoffmann.de\/index.php?rest_route=\/wp\/v2\/posts\/181\/revisions\/183"}],"wp:attachment":[{"href":"http:\/\/imkerei-hoffmann.de\/index.php?rest_route=%2Fwp%2Fv2%2Fmedia&parent=181"}],"wp:term":[{"taxonomy":"category","embeddable":true,"href":"http:\/\/imkerei-hoffmann.de\/index.php?rest_route=%2Fwp%2Fv2%2Fcategories&post=181"},{"taxonomy":"post_tag","embeddable":true,"href":"http:\/\/imkerei-hoffmann.de\/index.php?rest_route=%2Fwp%2Fv2%2Ftags&post=181"}],"curies":[{"name":"wp","href":"https:\/\/api.w.org\/{rel}","templated":true}]}}